{"id":3866,"date":"2023-08-31T10:04:20","date_gmt":"2023-08-31T08:04:20","guid":{"rendered":"https:\/\/www.veganshoes.it\/blog\/?p=3866"},"modified":"2023-08-31T10:04:22","modified_gmt":"2023-08-31T08:04:22","slug":"vegan-shoes-italy-col-cavolo-2023","status":"publish","type":"post","link":"https:\/\/www.veganshoes.it\/blog\/2023\/08\/31\/vegan-shoes-italy-col-cavolo-2023\/","title":{"rendered":"Vegan Shoes Italy @ Col Cavolo 2023!"},"content":{"rendered":"\n<figure class=\"wp-block-image size-large\"><img decoding=\"async\" loading=\"lazy\" width=\"1024\" height=\"576\" src=\"https:\/\/www.veganshoes.it\/blog\/wp-content\/uploads\/2023\/08\/TEMPLATE-ARTICOLI-2-BLOG-Immagini-interne-3-1024x576.jpg\" alt=\"Copertina articolo illustrativo - partecipazione a col cavolo fiera vegan\" class=\"wp-image-3868\" srcset=\"https:\/\/www.veganshoes.it\/blog\/wp-content\/uploads\/2023\/08\/TEMPLATE-ARTICOLI-2-BLOG-Immagini-interne-3-1024x576.jpg 1024w, https:\/\/www.veganshoes.it\/blog\/wp-content\/uploads\/2023\/08\/TEMPLATE-ARTICOLI-2-BLOG-Immagini-interne-3-300x169.jpg 300w, https:\/\/www.veganshoes.it\/blog\/wp-content\/uploads\/2023\/08\/TEMPLATE-ARTICOLI-2-BLOG-Immagini-interne-3-768x432.jpg 768w, https:\/\/www.veganshoes.it\/blog\/wp-content\/uploads\/2023\/08\/TEMPLATE-ARTICOLI-2-BLOG-Immagini-interne-3-1536x864.jpg 1536w, https:\/\/www.veganshoes.it\/blog\/wp-content\/uploads\/2023\/08\/TEMPLATE-ARTICOLI-2-BLOG-Immagini-interne-3-480x270.jpg 480w, https:\/\/www.veganshoes.it\/blog\/wp-content\/uploads\/2023\/08\/TEMPLATE-ARTICOLI-2-BLOG-Immagini-interne-3.jpg 1920w\" sizes=\"(max-width: 1024px) 100vw, 1024px\" \/><\/figure>\n\n\n\n<p class=\"has-text-align-center\">Settembre \u00e8 alle porte e questo significa una sola cosa per noi: &#8220;<strong>Col Cavolo<\/strong>&#8221; sta per iniziatre ed \u00e8 il momento di caricare il nostro amato eco-furgoncino per incontrare la nostra community!<\/p>\n\n\n\n<p class=\"has-text-align-center\">La seconda edizione della fiera si svolger\u00e0 <strong>Venerd\u00ec 1 &#8211; Sabato 2 &#8211; Domenica 3 Settembre 2023<\/strong><br>presso <strong>Edon\u00e9<\/strong>, in <strong>via Agostino Gemelli 17, a Bergamo<\/strong> e VEGANSHOES.IT parteciper\u00e0 portando tante novit\u00e0 e tutte le scarpe e gli accessori pi\u00f9 amati.<\/p>\n\n\n\n<p class=\"has-text-align-center\">L&#8217;ingresso \u00e8 <strong>LIBERO<\/strong> e senza prenotazione \ud83c\udf31<\/p>\n\n\n\n<h4 class=\"wp-block-heading\">Indice dei contenuti<\/h4>\n\n\n\n<ul>\n<li><strong><a href=\"#Dove-si-svolge\" title=\"Dove si svolge &quot;COL CAVOLO&quot; 2023!\">Dove si svolge &#8220;COL CAVOLO&#8221; 2023!<\/a><\/strong><\/li>\n\n\n\n<li><strong><a href=\"#Il-programma\" title=\"Il programma della giornata\">Il programma della giornata<\/a><\/strong><\/li>\n\n\n\n<li><strong><a href=\"#Organizzatori-e-Collaboratori\" title=\"Organizzatori e Collaboratori\">Organizzatori e Collaboratori<\/a><\/strong><\/li>\n\n\n\n<li><strong><a href=\"#Ti-aspettiamo\" title=\"Ti aspettiamo con le nostre scarpe Vegan!\">Ti aspettiamo con le nostre scarpe Vegan!<\/a><\/strong><\/li>\n<\/ul>\n\n\n\n<h2 class=\"wp-block-heading\" id=\"Dove-si-svolge\">Dove si svolge &#8220;COL CAVOLO&#8221; 2023!<\/h2>\n\n\n\n<p>La seconda edizione di &#8220;Col Cavolo&#8221; si svolger\u00e0 all&#8217;interno del<strong> parco sud del quartiere di Redona<\/strong> di <strong>Bergamo<\/strong>, presso <strong><a href=\"https:\/\/edonebergamo.com\/\" target=\"_blank\" rel=\"noopener\" title=\"Edon\u00e8\">Edon\u00e8<\/a><\/strong>, in <strong>via Agostino Gemelli 17<\/strong>. <\/p>\n\n\n\n<iframe src=\"https:\/\/www.google.com\/maps\/embed?pb=!1m18!1m12!1m3!1d2786.184219491936!2d9.694130376674314!3d45.70734101718253!2m3!1f0!2f0!3f0!3m2!1i1024!2i768!4f13.1!3m3!1m2!1s0x478150db77443329%3A0xc07d956b36e8805c!2zRWRvbsOp!5e0!3m2!1sit!2sit!4v1692607333258!5m2!1sit!2sit\" width=\"100%\" height=\"450\" style=\"border:0;\" allowfullscreen=\"\" loading=\"lazy\" referrerpolicy=\"no-referrer-when-downgrade\"><\/iframe>\n\n\n\n<p><strong>Come raggiungere il festival?<\/strong> Nessun problema, ti aiutiamo noi:<\/p>\n\n\n\n<ul>\n<li><strong>Con i mezzi:<\/strong> Potrai raggiungere Parco Redona con i mezzi pubblici, dal centro di Bergamo impiegherai circa 15 minuti utilizzando il bus 5 o prendendo il bus della linea C.<\/li>\n\n\n\n<li><strong>Auto:<\/strong> Se vieni in auto troverai parcheggi in prossimit\u00e0 di Edon\u00e9, e davanti al Concessionario Bonaldi, dove sono a disposizione ampi parcheggi gratuiti. In alternativa, \u00e8 consigliato parcheggiare lungo o nelle traverse di Via Corridoni, Viale Leone XIII e Via Goisis.<\/li>\n<\/ul>\n\n\n\n<h2 class=\"wp-block-heading\" id=\"Il-programma\">Il programma della giornata<\/h2>\n\n\n\n<p>Il festival comincia <strong>Venerd\u00ec 1 settembre, alla sera, <\/strong>con <strong>aperitivo e cena con cucina vegan<\/strong>.<\/p>\n\n\n\n<p><strong>Sabato 2 Settembre <\/strong>la manifestazione entrer\u00e0 nel vivo quando alle <strong>11.00 <\/strong>il market sar\u00e0 pronto ad accoglierti in tutto il suo splendore. <\/p>\n\n\n\n<p>Sono in programma i seguenti eventi e conferenze:<\/p>\n\n\n\n<h3 class=\"wp-block-heading\">\ud83c\udf31&nbsp;SABATO 2 SETTEMBRE<\/h3>\n\n\n\n<p><strong>ORE 15:30&nbsp;&#8211; Show Cooking &#8211; Smart recipe &amp; high protein&nbsp;<\/strong><br>Le ricette veloci da preparare e ricche di proteine sono quelle in grado di salvare il pasto a tutti: amanti dell&#8217;healthy food, sportivi, bambini ma anche persone che hanno bisogno di una marcia in pi\u00f9. La docente del corso di Alimentazione e Salute alla FunnyVeg Academy fornisce spunti interessanti e astuti per avere nel piatto il massimo con poco sforzo.<\/p>\n\n\n\n<p><strong>ORE 16.30&nbsp;&#8211; Non chiamatelo maltempo&nbsp;<\/strong><br>La crisi eco-climatica sta causando fenomeni atmosferici estremi. Le attivit\u00e0 antropiche hanno un impatto rilevante, in particolare la zootecnia: allevamenti e monoculture rappresentano un sistema produttivo non pi\u00f9 sostenibile e fallimentare.<\/p>\n\n\n\n<p><strong>ORE 17.30&nbsp;&#8211; Caccia Selvaggia&nbsp;<\/strong><br>Recentemente \u00e8 stata autorizzata la caccia in citt\u00e0, nei parchi e nei centri abitati. Con il pretesto di contenere i danni all\u2019agricoltura imputati ai cinghiali, ora i cacciatori possono sparare tutto l\u2019anno, contro qualsiasi specie, senza alcuna verifica preventiva sui metodi ecologici e aggirando il controllo scientifico. Ne parliamo con alcune delle associazioni da anni impegnate sul campo.<\/p>\n\n\n\n<p><strong>ORE 18.30&nbsp;&#8211;&nbsp;Presentazione del libro \u201cLa filosofia del cane\u201d<\/strong>&nbsp;<br>\u00abChi sono io?\u00bb. \u00c8 questo domandare che martella incessantemente le pagine di questo libro. Un testo nel quale risulta impossibile definire un\u2019identit\u00e0 oltre la relazione. Ma non una relazione qualsiasi bens\u00ec quella con l\u2019animale che, dal principio, ci \u00e8 stato compagno nel nostro percorso evolutivo: il cane. Sar\u00e0 il suo sguardo e la sua presenza a fornirci identit\u00e0 e sar\u00e0 possibile, attraverso la sua guida, avventurarsi nelle secche di pensiero della filosofia occidentale. La filosofia del cane rappresenta in maniera molto innovativa una narrativa filosofica nella quale immergersi e, grazie alla presenza del cane, riscoprire concetti quali la relazione, la cura, il gesto spontaneo e il desiderio per poter riconquistare il brivido della libert\u00e0.<\/p>\n\n\n\n<h3 class=\"wp-block-heading\">\ud83c\udf31&nbsp;DOMENICA 3 SETTEMBRE<\/h3>\n\n\n\n<p><strong>ORE 15.30&nbsp;&#8211;&nbsp;Antipasto e secondo giusto mare&nbsp;<\/strong><br>Spesso per chi sta riducendo il consumo di prodotti animali, con l&#8217;intenzione magari anche di passare a un&#8217;alimentazione vegetale, l&#8217;idea di non sentire pi\u00f9 il gusto di mare pu\u00f2 rappresentare un freno o un timore. Anche molte persone vegane ricercano quel gusto; tuttavia sul mercato le alternative gusto mare iniziano appena adesso ad essere valide. Ma ancora sono un pochettino indietro rispetto alle alternative vegetali alla carne, che invece hanno raggiunto risultati molto pi\u00f9 sorprendenti.<br>La buona notizia \u00e8 che ricreare il sapore di mare in casa \u00e8 molto semplice!<\/p>\n\n\n\n<p>Vista l&#8217;urgenza che abbiamo oggi di azioni concrete nei confronti del mare, e pure dei suoi abitanti, esplorare e adottare alternative vegetali anche al pesce, diventa davvero tanto importante.<\/p>\n\n\n\n<p><strong>ORE 16.30&nbsp;&#8211; L\u2019impatto delle inchieste, tra media e azioni legali<\/strong><br>Le inchieste in collaborazione con i media, unite a un&#8217;efficace azione legale, sono diventate strumenti fondamentali per far emergere pratiche violente e criminali che si verificano negli allevamenti, stimolando il progresso della legislazione. Questa sinergia ha prodotto risultati importanti, in altri casi gli esiti non sono stati quelli sperati.<\/p>\n\n\n\n<p><strong>ORE 17.30&nbsp;&#8211; Intersezioni: unire le lotte per renderle pi\u00f9 efficaci&nbsp;<\/strong>                                                                   Il tema delle intersezioni \u00e8 un argomento che ci sta molto a cuore.<br>La giustizia animale, sociale e ambientale hanno un unico filo conduttore, come possiamo creare consapevolezza e sinergia tra queste lotte apparentemente distanti?Ne parliamo con Martina Miccich\u00e8 scienziata politica specializzata in relazioni internazionali e politiche globali e Eytan Ulisse Ballerini transfemminista multispecie.<\/p>\n\n\n\n<h2 class=\"wp-block-heading\" id=\"Organizzatori-e-Collaboratori\"><strong>Organizzatori e Collaboratori<\/strong><\/h2>\n\n\n\n<p>Col Cavolo nasce dalla volont\u00e0 di tre gruppi di giovani ragazzi motivati a portare la cultura vegan nei discorsi quotidiani, attraverso buon cibo, eventi ed attivismo.<\/p>\n\n\n\n<h4 class=\"wp-block-heading\">Octopus Collettivo Antispecista<\/h4>\n\n\n\n<p>\u2060Octopus \u00e8 un gruppo formato da persone che intendono condividere conoscenze diverse. Partendo da una solida esperienza nell\u2019attivismo per i diritti animali, passando per differenti istanze e questioni: vegan, di genere, ambiente, ecologia, linguaggio, transfemminism<em>o.\u2060<\/em> Il progetto Octopus, con i suoi tentacoli, sfiora, tocca, si insinua, raggiunge, unisce le lotte, e lo fa per creare nuove prospettive di attivismo. \u2060<\/p>\n\n\n\n<h4 class=\"wp-block-heading\">Nutopia<\/h4>\n\n\n\n<p><strong>Nutopia Srl<\/strong>&nbsp;\u00e8 una societ\u00e0 che nasce nel 2010 da un gruppo di giovani per il progetto \u201cEdon\u00e8\u201d. Oggi \u00e8 una&nbsp;<strong>realt\u00e0 imprenditoriale \u201cibrida\u201d<\/strong>&nbsp;che si occupa di&nbsp;<strong>food&amp;beverage ed eventistica<\/strong>, con una particolare attenzione all\u2019impatto sociale.<\/p>\n\n\n\n<h4 class=\"wp-block-heading\">Edon\u00e8<\/h4>\n\n\n\n<p>Nato nel 2010 dalla coraggiosa iniziativa di un gruppo di giovani ragazzi lo Spazio Giovanile Edon\u00e8 \u00e8 riuscito a divenire, negli anni, un punto di riferimento per tutta la citt\u00e0. Nasce cos\u00ec un locale ibrido, sempre in trasformazione, in cui cucina e cultura si incontrano proponendo eventi capaci di dare voce a tante sottoculture esistenti.<\/p>\n\n\n\n<h2 class=\"wp-block-heading\" id=\"Ti-aspettiamo\">Ti aspettiamo con le nostre scarpe Vegan!<\/h2>\n\n\n\n<figure class=\"wp-block-image size-large\"><img decoding=\"async\" loading=\"lazy\" width=\"1024\" height=\"576\" src=\"https:\/\/www.veganshoes.it\/blog\/wp-content\/uploads\/2023\/08\/VEGANSHOES.IT-i-vantaggi-della-moda-etica-1024x576.jpg\" alt=\"Sandali in mela: la modella li indossa seduta sul un telo in un prato fiorito.\" class=\"wp-image-3660\" srcset=\"https:\/\/www.veganshoes.it\/blog\/wp-content\/uploads\/2023\/08\/VEGANSHOES.IT-i-vantaggi-della-moda-etica-1024x576.jpg 1024w, https:\/\/www.veganshoes.it\/blog\/wp-content\/uploads\/2023\/08\/VEGANSHOES.IT-i-vantaggi-della-moda-etica-300x169.jpg 300w, https:\/\/www.veganshoes.it\/blog\/wp-content\/uploads\/2023\/08\/VEGANSHOES.IT-i-vantaggi-della-moda-etica-768x432.jpg 768w, https:\/\/www.veganshoes.it\/blog\/wp-content\/uploads\/2023\/08\/VEGANSHOES.IT-i-vantaggi-della-moda-etica-1536x864.jpg 1536w, https:\/\/www.veganshoes.it\/blog\/wp-content\/uploads\/2023\/08\/VEGANSHOES.IT-i-vantaggi-della-moda-etica-480x270.jpg 480w, https:\/\/www.veganshoes.it\/blog\/wp-content\/uploads\/2023\/08\/VEGANSHOES.IT-i-vantaggi-della-moda-etica.jpg 1920w\" sizes=\"(max-width: 1024px) 100vw, 1024px\" \/><\/figure>\n\n\n\n<p>In fiera troverai <strong>Giovanni e Veronica<\/strong>, felici di conoscere dal vivo tutti i membri della <strong>community VEGANSHOE.IT<\/strong> e pronti a raccontarti tutte le piccole e grandi curiosit\u00e0 che animano il mondo delle calzature vegan. <\/p>\n\n\n\n<p>Preparati a perderti nella bellezza delle alternative al pellame animale, e lasciati trasportare in un viaggio intorno al mondo che ti porter\u00e0 tra le foglie d&#8217;ananas, dove nasce il Pinatex, o in trentino dove la buccia delle mele diventa pellemela per accessori e calzature green.<\/p>\n\n\n\n<p>Non mancheranno anticipazioni sui nuovi modelli 2023, i modelli pi\u00f9 amati dello store e tanti accessori etici e di qualit\u00e0. <\/p>\n\n\n\n<p>Col Cavolo sar\u00e0 una buona occasione per toccare con mano la qualit\u00e0 delle nostre calzature artigianali, per studiarne i dettagli e per scambiarci storie di vita vegan in un contesto frizzante di vita ed eventi.<\/p>\n\n\n\n<p>Ti aspettiamo, il team di <strong>VEGANSHOES.IT<\/strong><\/p>\n","protected":false},"excerpt":{"rendered":"<p>Settembre \u00e8 alle porte e questo significa una sola cosa per noi: &#8220;Col Cavolo&#8221; sta per iniziatre ed \u00e8 il momento di caricare il nostro amato eco-furgoncino per incontrare la nostra community! La seconda edizione della fiera si svolger\u00e0 Venerd\u00ec 1 &#8211; Sabato 2 &#8211; Domenica 3 Settembre 2023presso Edon\u00e9, in via Agostino Gemelli 17, &hellip; <\/p>\n<div style='clear:both'><\/div><div style=\"float: right\" class='the_champ_counter_container the_champ_horizontal_counter'><div class='the_champ_counter_title' style=\"font-weight:bold\"><\/div><div id=\"fb-root\"><\/div><\/div><div style='clear:both'><\/div>","protected":false},"author":1,"featured_media":3874,"comment_status":"open","ping_status":"open","sticky":false,"template":"","format":"standard","meta":[],"categories":[17,75],"tags":[],"aioseo_notices":[],"_links":{"self":[{"href":"https:\/\/www.veganshoes.it\/blog\/wp-json\/wp\/v2\/posts\/3866"}],"collection":[{"href":"https:\/\/www.veganshoes.it\/blog\/wp-json\/wp\/v2\/posts"}],"about":[{"href":"https:\/\/www.veganshoes.it\/blog\/wp-json\/wp\/v2\/types\/post"}],"author":[{"embeddable":true,"href":"https:\/\/www.veganshoes.it\/blog\/wp-json\/wp\/v2\/users\/1"}],"replies":[{"embeddable":true,"href":"https:\/\/www.veganshoes.it\/blog\/wp-json\/wp\/v2\/comments?post=3866"}],"version-history":[{"count":10,"href":"https:\/\/www.veganshoes.it\/blog\/wp-json\/wp\/v2\/posts\/3866\/revisions"}],"predecessor-version":[{"id":3913,"href":"https:\/\/www.veganshoes.it\/blog\/wp-json\/wp\/v2\/posts\/3866\/revisions\/3913"}],"wp:featuredmedia":[{"embeddable":true,"href":"https:\/\/www.veganshoes.it\/blog\/wp-json\/wp\/v2\/media\/3874"}],"wp:attachment":[{"href":"https:\/\/www.veganshoes.it\/blog\/wp-json\/wp\/v2\/media?parent=3866"}],"wp:term":[{"taxonomy":"category","embeddable":true,"href":"https:\/\/www.veganshoes.it\/blog\/wp-json\/wp\/v2\/categories?post=3866"},{"taxonomy":"post_tag","embeddable":true,"href":"https:\/\/www.veganshoes.it\/blog\/wp-json\/wp\/v2\/tags?post=3866"}],"curies":[{"name":"wp","href":"https:\/\/api.w.org\/{rel}","templated":true}]}}