{"id":3680,"date":"2023-08-02T17:22:36","date_gmt":"2023-08-02T15:22:36","guid":{"rendered":"https:\/\/www.veganshoes.it\/blog\/?p=3680"},"modified":"2023-08-05T17:40:47","modified_gmt":"2023-08-05T15:40:47","slug":"vegan-shoes-italy-viva-las-vegan-2023","status":"publish","type":"post","link":"https:\/\/www.veganshoes.it\/blog\/2023\/08\/02\/vegan-shoes-italy-viva-las-vegan-2023\/","title":{"rendered":"Vegan Shoes Italy @ Viva Las Vegan 2023!"},"content":{"rendered":"\n<figure class=\"wp-block-image size-large\"><img decoding=\"async\" loading=\"lazy\" width=\"1024\" height=\"576\" src=\"https:\/\/www.veganshoes.it\/blog\/wp-content\/uploads\/2023\/08\/VEGANSHOES.IT-va-a-viva-las-vegan-2023-1024x576.jpg\" alt=\"VEGANSHOES.IT - viva las vegan 2023\" class=\"wp-image-3716\" srcset=\"https:\/\/www.veganshoes.it\/blog\/wp-content\/uploads\/2023\/08\/VEGANSHOES.IT-va-a-viva-las-vegan-2023-1024x576.jpg 1024w, https:\/\/www.veganshoes.it\/blog\/wp-content\/uploads\/2023\/08\/VEGANSHOES.IT-va-a-viva-las-vegan-2023-300x169.jpg 300w, https:\/\/www.veganshoes.it\/blog\/wp-content\/uploads\/2023\/08\/VEGANSHOES.IT-va-a-viva-las-vegan-2023-768x432.jpg 768w, https:\/\/www.veganshoes.it\/blog\/wp-content\/uploads\/2023\/08\/VEGANSHOES.IT-va-a-viva-las-vegan-2023-1536x864.jpg 1536w, https:\/\/www.veganshoes.it\/blog\/wp-content\/uploads\/2023\/08\/VEGANSHOES.IT-va-a-viva-las-vegan-2023-480x270.jpg 480w, https:\/\/www.veganshoes.it\/blog\/wp-content\/uploads\/2023\/08\/VEGANSHOES.IT-va-a-viva-las-vegan-2023.jpg 1920w\" sizes=\"(max-width: 1024px) 100vw, 1024px\" \/><\/figure>\n\n\n\n<p class=\"has-text-align-center has-black-color has-text-color\">L&#8217;estate \u00e8 nel pieno del suo svolgimento e per noi questo significa una sola cosa: iniziano presto le fiere, ci vediamo a <strong>Viva Las Vegan 2023!<\/strong><\/p>\n\n\n\n<p class=\"has-text-align-center has-black-color has-text-color\"><strong>Domenica 27 agosto<\/strong> ci troverai al<strong>&nbsp;<a href=\"http:\/\/www.circolomagnolia.it\/it\">Circolo Magnolia<\/a>, a Segrate (MI)<\/strong> per una giornata dedicata al mondo vegan, con workshop, tanto buon cibo e le nostre immancabili calzature amiche degli animali.<\/p>\n\n\n\n<p class=\"has-text-align-center has-black-color has-text-color\">Vi aspettiamo <strong>dalle 11 alle 23, con ingresso <\/strong><a href=\"https:\/\/dice.fm\/partner\/evento-fb\/event\/r996r-viva-las-vegan-27th-aug-circolo-magnolia-estivo-segrate-tickets?dice_id=1343611&amp;dice_channel=facebook&amp;dice_tags=organic&amp;dice_campaign=evento+fb&amp;dice_feature=marketing&amp;_branch_match_id=1215214642500290403&amp;_branch_referrer=H4sIAAAAAAAAA8soKSkottLXz8nMy9ZLyUxO1UvL1Q%2FLLEv0SSwOS01PzDMyBgAhtSgwIwAAAA%3D%3D\" target=\"_blank\" rel=\"noopener\" title=\"GRATUITO CON REGISTRAZIONE \"><strong>GRATUITO CON REGISTRAZIONE <\/strong><\/a> per conoscerci e <strong>riunire la nostra community <\/strong>sparsa per il mondo, go vegan!<\/p>\n\n\n\n<h3 class=\"wp-block-heading\"><strong>Indice dei contenuti<\/strong><\/h3>\n\n\n\n<ul>\n<li><strong><a href=\"#Dove-si-svolge-VIVA-LAS-VEGAN-2023!\" title=\"Dove si svolge VIVA LAS VEGAN 2023!\">Dove si svolge VIVA LAS VEGAN 2023!<\/a><\/strong><\/li>\n\n\n\n<li><strong><a href=\"#Il-Programma-della-Giornata\" title=\"Il Programma della Giornata\">Il Programma della Giornata<\/a><\/strong><\/li>\n\n\n\n<li><strong><a href=\"#Organizzatori-e-collaboratori\" title=\"Organizzatori e collaboratori\">Organizzatori e collaboratori<\/a><\/strong><\/li>\n\n\n\n<li><strong><a href=\"#Ti-aspettiamo-con-tante-novit\u00e0!\" title=\"Ti aspettiamo con tante novit\u00e0!\">Ti aspettiamo con tante novit\u00e0!<\/a><\/strong><\/li>\n<\/ul>\n\n\n\n<h2 class=\"wp-block-heading\" id=\"Dove-si-svolge-VIVA-LAS-VEGAN-2023!\" style=\"text-transform:capitalize\">Dove si svolge VIVA LAS VEGAN 2023!<\/h2>\n\n\n\n<p>Come ogni anno Viva Las Vegan si svolger\u00e0 a<strong> Sagrate (MI)<\/strong> in via <strong>Circonvallazione Idroscalo 41, 20090, Novegro-Tregarezzo (MI).<\/strong><\/p>\n\n\n\n<iframe src=\"https:\/\/www.google.com\/maps\/embed?pb=!1m18!1m12!1m3!1d2798.3066301851677!2d9.28349207666414!3d45.46362673347635!2m3!1f0!2f0!3f0!3m2!1i1024!2i768!4f13.1!3m3!1m2!1s0x4786c61d71aa2f4d%3A0xd6f3a46208243c73!2sCircolo%20Magnolia!5e0!3m2!1sit!2sit!4v1690963030001!5m2!1sit!2sit\" width=\"600\" height=\"450\" style=\"border:0;\" allowfullscreen=\"\" loading=\"lazy\" referrerpolicy=\"no-referrer-when-downgrade\"><\/iframe>\n\n\n\n<p><\/p>\n\n\n\n<p>Non sai come raggiungere il parco? Nessun problema, ti aiutiamo noi!<\/p>\n\n\n\n<ul>\n<li><strong>In Bicicletta:<\/strong> Puoi percorrere la pista ciclabile di<strong> via Corelli<\/strong>, che ti porta direttamente all\u2019ingresso del parco Idroscalo.<\/li>\n\n\n\n<li><strong>Mezzi Pubblici:<\/strong> L\u2019aeroporto di Linate, che<strong> dista 10 minuti a piedi da noi<\/strong>, \u00e8 il capolinea del <strong>bus 73 <\/strong>e della <strong>metropolitana blu<\/strong>. Da Linate al Circolo Magnolia puoi usare poi la ciclabile pedonale e raggiungerci in <strong>10 min<\/strong>. (<a href=\"https:\/\/www.atm.it\/it\/Pagine\/default.aspx\" target=\"_blank\" rel=\"noopener\" title=\"Qui gli orari e le info sui mezzi\"><strong>Qui gli orari e le info sui mezzi<\/strong><\/a>)<\/li>\n\n\n\n<li><strong>Car sharing:<\/strong> All\u2019aeroporto di Linate invece \u00e8 possibile parcheggiare e chiudere il noleggio dei seguenti car sharing: <strong>CAR2GO, DRIVENOW, ENJOY, E-VAI<\/strong>. Dall\u2019aeroporto di Linate al Circolo Magnolia sono <strong>10 minuti a piedi.<\/strong> N.B. Accanto all\u2019ingresso del Circolo Magnolia NON \u00e8 possibile chiudere il noleggio dei servizi di car sharing.<\/li>\n<\/ul>\n\n\n\n<h2 class=\"wp-block-heading\" id=\"Il-Programma-della-Giornata\" style=\"text-transform:capitalize\">Il Programma della Giornata<\/h2>\n\n\n\n<p>\ud83c\udf31 <strong>14.00 &#8211; 14.30<\/strong><br><strong>*Non buttare via i ciuffi delle carote: come conoscere e abbandonare lo spreco alimentare*<br>Con Silvia Moroni &#8211; Parla sostenibile<\/strong><\/p>\n\n\n\n<p>Sai che se lo spreco di cibo fosse una nazione sarebbe il terzo produttore mondiale di gas serra? Hai presente cosa succede ai prodotti vicini alla scadenza? Conosci la fermentazione o come usare i ciuffi delle carote in cucina? No? Beh, allora te lo racconta Silvia Moroni di Parla Sostenibile in un\u2019avventura teorico-pratica nel mondo dello spreco alimentare, mostrando insidie, dati e soluzioni da provare immediatamente.<\/p>\n\n\n\n<p><strong>\ud83c\udf31<\/strong> <strong>15.00 &#8211; 15.45<\/strong><br><strong>*Secondi piatti di pesce senza pesce*<br>Con Marta Navarrini della FunnyVeg Academy<\/strong><\/p>\n\n\n\n<p>La docente di FunnyVeg Academy Marta Navarrini svela come creare stuzzicanti nuovi piatti senza pesce, sfruttando le alternative appena lanciate sul mercato e altri ingredienti 100% vegetali. Per soddisfare chi ama il mare e tutti i suoi abitanti, ma davvero.<\/p>\n\n\n\n<p><strong>\ud83c\udf31<\/strong> <strong> 16.00 &#8211; 16.45<br>*Tofu-licious: gusta il potere vegetale!*<br>Con Joy e Eats Giulia<\/strong><\/p>\n\n\n\n<p>Sei pronto per un&#8217;esperienza culinaria straordinaria? Protagonista sar\u00e0 un ingrediente relativamente insapore, ma che nasconde un potenziale incredibile. Chi se lo ritrova tra le mani per la prima volta, spesso non sa bene come cucinarlo e valorizzarlo. Ma non temere, oggi ti sveleremo tre ricette molto semplici che soddisferanno anche i palati pi\u00f9 esigenti. Con il tofu protagonista ti porteremo in un viaggio dal salato al dolce alla scoperta di nuovi sapori 100% vegetali.<\/p>\n\n\n\n<p><strong>\ud83c\udf31<\/strong> <strong> 17.00 &#8211; 17.45<br>*A chi fanno paura le proteine alternative?*<br>Con Claudio Pomo &#8211; Responsabile sviluppo di Essere Animali<\/strong><\/p>\n\n\n\n<p>Divieto di produrre e vendere carne coltivata e di usare nomi come burger e cotoletta per i prodotti vegetali: l\u2019attuale Governo italiano sta difendendo con le unghie e con i denti il sistema di allevamento e macellazione degli animali. Scopriremo come, perch\u00e9 e soprattutto che per fortuna nel resto del mondo le cose vanno in ben altra direzione.<\/p>\n\n\n\n<p><strong>\ud83c\udf31<\/strong> <strong> 18.00 &#8211; 18.45<br>*Pizza, burger e CO2 &#8211; quante ne sai sul cibo che cambia il mondo?*<br>Con Valentina Taglietti &#8211; Food Policy Specialist di Essere Animali<\/strong><\/p>\n\n\n\n<p>Una conferenza interattiva per unire i puntini tra alimentazione e crisi eco-climatica, scoprendo quali progetti stiamo portando avanti per cambiare le mense (happy ending assicurato).<\/p>\n\n\n\n<p><strong>\ud83c\udf31<\/strong> <strong> 19.00 &#8211; 19.30<br>*Da rifiuto a nuova risorsa: come gli scarti alimentari possono diventare nuove risorse sostenibili*<br>Con Greta Volpi &#8211; Green on the Beam<\/strong><\/p>\n\n\n\n<p>Un terzo di tutti gli alimenti prodotti per il consumo umano nel mondo viene sprecato. Questo spreco ha conseguenze significative, sia in termini economici che ambientali. Economicamente, rappresenta una perdita di risorse preziose, con costi associati alla produzione, al trasporto e alla gestione dei rifiuti alimentari. Ambientalmente, lo spreco alimentare contribuisce all&#8217;aumento delle emissioni di gas serra, ad una perdita di terreno agricolo, acqua e altri input naturali utilizzati per la sua produzione.<\/p>\n\n\n\n<p>Fortunatamente per\u00f2, ci sono sempre pi\u00f9 startup e aziende che stanno adottando strategie innovative per ridurre gli sprechi e promuovere l&#8217;economia circolare.<\/p>\n\n\n\n<p>Durante l\u2019incontro ci immergeremo in un mondo di possibilit\u00e0, dove la creativit\u00e0 incontra l&#8217;efficienza e la sostenibilit\u00e0 ambientale ed esploreremo come dagli scarti si possono creare capi di abbigliamento, cosmetici, imballaggi ecologici e tanto altro.<\/p>\n\n\n\n<h3 class=\"wp-block-heading\" id=\"Organizzatori-e-collaboratori\" style=\"text-transform:capitalize\">Organizzatori e collaboratori<\/h3>\n\n\n\n<h4 class=\"wp-block-heading\">Il Circolo Magnolia<\/h4>\n\n\n\n<p>Il <strong>Circolo Magnolia<\/strong>, un&#8217;associazione <strong>ARC<\/strong>I di promozione sociale <strong>no profit<\/strong>, \u00e8 un luogo unico nel suo genere situato nell&#8217;incantevole <strong>Parco dell&#8217;Idroscalo<\/strong> nel 2005.  Il Magnolia \u00e8 rinomato per la sua programmazione musicale eclettica e coinvolgente che abbraccia l&#8217;intera stagione annuale.<\/p>\n\n\n\n<h4 class=\"wp-block-heading\">Essere Animali<\/h4>\n\n\n\n<p>Essere Animali \u00e8 un&#8217;associazione animalista che esiste per costruire una societ\u00e0 che riconosca diritti agli animali, lasciandoli liberi di soddisfare i propri interessi. Da anni Essere Animali lavora per porre fine agli allevamenti intensivi e promuovere il passaggio a un sistema alimentare che non preveda il consumo di prodotti animali.  <\/p>\n\n\n\n<h4 class=\"wp-block-heading\">Vita da Cani<\/h4>\n\n\n\n<p><strong>Vitadacani ODV<\/strong> \u00e8 un&#8217;organizzazione di volontariato senza scopo di lucro che si impegna nella difesa dei diritti degli animali.  Fondata nel <strong>1992 ad Arese<\/strong>, nella provincia <strong>nord-ovest di Milano<\/strong>, l&#8217;associazione <strong>si batte contro<\/strong> <strong>varie forme di sfruttamento e maltrattamento degli animali<\/strong>.<\/p>\n\n\n\n<h2 class=\"wp-block-heading\" id=\"Ti-aspettiamo-con-tante-novit\u00e0!\">Ti aspettiamo con tante novit\u00e0!<\/h2>\n\n\n\n<figure class=\"wp-block-image size-large\"><a href=\"https:\/\/www.veganshoes.it\/it\/\" target=\"_blank\" rel=\"noreferrer noopener\"><img decoding=\"async\" loading=\"lazy\" width=\"1024\" height=\"576\" src=\"https:\/\/www.veganshoes.it\/blog\/wp-content\/uploads\/2023\/08\/VEGANSHOES.IT-Viva-Las-Vegan-1024x576.jpg\" alt=\"@ Viva Las Vegan per VEGANSHOES.IT\" class=\"wp-image-3697\" srcset=\"https:\/\/www.veganshoes.it\/blog\/wp-content\/uploads\/2023\/08\/VEGANSHOES.IT-Viva-Las-Vegan-1024x576.jpg 1024w, https:\/\/www.veganshoes.it\/blog\/wp-content\/uploads\/2023\/08\/VEGANSHOES.IT-Viva-Las-Vegan-300x169.jpg 300w, https:\/\/www.veganshoes.it\/blog\/wp-content\/uploads\/2023\/08\/VEGANSHOES.IT-Viva-Las-Vegan-768x432.jpg 768w, https:\/\/www.veganshoes.it\/blog\/wp-content\/uploads\/2023\/08\/VEGANSHOES.IT-Viva-Las-Vegan-1536x864.jpg 1536w, https:\/\/www.veganshoes.it\/blog\/wp-content\/uploads\/2023\/08\/VEGANSHOES.IT-Viva-Las-Vegan-480x270.jpg 480w, https:\/\/www.veganshoes.it\/blog\/wp-content\/uploads\/2023\/08\/VEGANSHOES.IT-Viva-Las-Vegan.jpg 1920w\" sizes=\"(max-width: 1024px) 100vw, 1024px\" \/><\/a><\/figure>\n\n\n\n<p>In fiera troverai <strong>Giovanni e Veronica<\/strong> pronti ad accoglierti e a guidarti nel mondo delle<strong> calzature vegan<\/strong>, raccontandoti tutti i dettagli racchiusi in ogni modello e la <strong>storia dei materiali alternativi <\/strong>di cui sono composti.<\/p>\n\n\n\n<p>Ad aspettarti un <strong>vasto assortimento di sandali uomo e donna 100% vegan<\/strong>, perfetti per accompagnarti nei mesi pi\u00f9 caldi, ma anche <strong>ciabattine ed infradito<\/strong> in linea con le ultime tendenze e <strong>comode sneakers<\/strong> a prezzo speciale.<\/p>\n\n\n\n<p>Non potranno mancare le a<strong>nticipazioni della prossima stagione<\/strong>, con i primi modelli autunnali e le ultime novit\u00e0 <strong><a href=\"https:\/\/www.veganshoes.it\/it\/200_vegan-shoes-italy\" target=\"_blank\" rel=\"noopener\" title=\"\">VEGAN SHOES ITALY<\/a> <\/strong>appena arrivate in magazzino direttamente dalle mani dei nostri artigiani. <\/p>\n\n\n\n<p>Come nelle edizioni precedenti sar\u00e0 una buona occasione per ritrovarci con chi ci segue da anni in giro per l&#8217;italia, e per conoscere chi invece ci ha appena scoperto, dando a tutti l&#8217;occasione di  toccare con mano la qualit\u00e0 delle nostre calzature vegan, parlare dei materiali alternativi e condividere momenti di festa.<\/p>\n\n\n\n<p>A presto<strong>, VEGANSHOES.IT<\/strong> <strong>\ud83c\udf31<\/strong><\/p>\n","protected":false},"excerpt":{"rendered":"<p>L&#8217;estate \u00e8 nel pieno del suo svolgimento e per noi questo significa una sola cosa: iniziano presto le fiere, ci vediamo a Viva Las Vegan 2023! Domenica 27 agosto ci troverai al&nbsp;Circolo Magnolia, a Segrate (MI) per una giornata dedicata al mondo vegan, con workshop, tanto buon cibo e le nostre immancabili calzature amiche degli &hellip; <\/p>\n<div style='clear:both'><\/div><div style=\"float: right\" class='the_champ_counter_container the_champ_horizontal_counter'><div class='the_champ_counter_title' style=\"font-weight:bold\"><\/div><div id=\"fb-root\"><\/div><\/div><div style='clear:both'><\/div>","protected":false},"author":1,"featured_media":3706,"comment_status":"open","ping_status":"open","sticky":false,"template":"","format":"standard","meta":[],"categories":[17,75],"tags":[],"aioseo_notices":[],"_links":{"self":[{"href":"https:\/\/www.veganshoes.it\/blog\/wp-json\/wp\/v2\/posts\/3680"}],"collection":[{"href":"https:\/\/www.veganshoes.it\/blog\/wp-json\/wp\/v2\/posts"}],"about":[{"href":"https:\/\/www.veganshoes.it\/blog\/wp-json\/wp\/v2\/types\/post"}],"author":[{"embeddable":true,"href":"https:\/\/www.veganshoes.it\/blog\/wp-json\/wp\/v2\/users\/1"}],"replies":[{"embeddable":true,"href":"https:\/\/www.veganshoes.it\/blog\/wp-json\/wp\/v2\/comments?post=3680"}],"version-history":[{"count":22,"href":"https:\/\/www.veganshoes.it\/blog\/wp-json\/wp\/v2\/posts\/3680\/revisions"}],"predecessor-version":[{"id":3867,"href":"https:\/\/www.veganshoes.it\/blog\/wp-json\/wp\/v2\/posts\/3680\/revisions\/3867"}],"wp:featuredmedia":[{"embeddable":true,"href":"https:\/\/www.veganshoes.it\/blog\/wp-json\/wp\/v2\/media\/3706"}],"wp:attachment":[{"href":"https:\/\/www.veganshoes.it\/blog\/wp-json\/wp\/v2\/media?parent=3680"}],"wp:term":[{"taxonomy":"category","embeddable":true,"href":"https:\/\/www.veganshoes.it\/blog\/wp-json\/wp\/v2\/categories?post=3680"},{"taxonomy":"post_tag","embeddable":true,"href":"https:\/\/www.veganshoes.it\/blog\/wp-json\/wp\/v2\/tags?post=3680"}],"curies":[{"name":"wp","href":"https:\/\/api.w.org\/{rel}","templated":true}]}}